{"id":4436,"date":"2025-11-23T21:53:11","date_gmt":"2025-11-23T21:53:11","guid":{"rendered":"https:\/\/musiclatvia.lv\/2025\/11\/23\/auli-launch-second-season-of-sencu-balsu-in-collaboration-with-a-singer-from-ghana\/"},"modified":"2025-11-23T21:55:25","modified_gmt":"2025-11-23T21:55:25","slug":"auli-launch-second-season-of-sencu-balsu-in-collaboration-with-a-singer-from-ghana","status":"publish","type":"post","link":"https:\/\/musiclatvia.lv\/en\/auli-launch-second-season-of-sencu-balsu-in-collaboration-with-a-singer-from-ghana\/","title":{"rendered":"\u201cAu\u013ci\u201d launch second season of \u201cSen\u010du Balsu\u201d in collaboration with a singer from Ghana"},"content":{"rendered":"<p><strong>The drum and bagpipe group \u201cAu\u013ci\u201d kicks off the second season of their project \u201cSen\u010du Balsis\u201d with a three-song mini-album titled \u201cVoices of Ghana\u201d, featuring the talented Ghanaian singer Abiana. The project aims to build a musical bridge between traditional vocal cultures from around the world and Latvian folk music.<\/strong><\/p>\n<p>Abiana (real name Eldah Naa Abiana Dickson) is a renowned Ghanaian singer and songwriter who has received several prestigious awards, including \u201cRecord of the Year\u201d and \u201cBest Female Vocal Performance\u201d at the Vodafone Ghana Music Awards.<\/p>\n<p>The mini-album features three traditional Ghanaian songs in different dialects \u2013 \u201cSenwa De Dende\u201d (Twi), \u201cMeele Ni Yaa\u201d (Ga) and \u201cAgba Eeeee\u201d (Ewe) \u2013 arranged by Au\u013ci. The music was composed by M\u0101rti\u0146\u0161 Mi\u013cevskis, Edgars K\u0101rklis, and Kaspars B\u0101rbals.<\/p>\n<p>\u201cAfter the success of the first season, which culminated in a successful concert tour in Latvia, a documentary on Latvian Television, and wide engagement on social media, we were ready to continue this journey. That\u2019s why we are especially excited to once again focus on international musical collaborations,\u201d shared Au\u013ci bagpiper Kaspars B\u0101rbals.<\/p>\n<p>Michael Bamfo, CEO of Apprise Music, emphasized the broader impact of the collaboration, stating: \u201cThis project goes beyond music. It connects history, education, and innovation \u2014 perfectly aligning with our mission to make African music accessible to a global audience.\u201d<\/p>\n<p>The second season of the project is set to include a 12-song program, created in collaboration with three international female vocalists and one Latvian singer. The goal is to offer both Latvian and global audiences a glimpse into the vocal traditions of various cultures around the world.<\/p>\n<p>\u201cIt\u2019s incredibly fascinating to observe how songs from such different cultures intertwine with Latvian folk songs and Au\u013ci\u2019s music. It evokes emotions never felt before,\u201d says composer M\u0101rti\u0146\u0161 Mi\u013cevskis.<\/p>\n<p>The first season was released in 2019 and featured vocalists from Mongolia, Austria, S\u00e1pmi (the land of the S\u00e1mi people), and Latvia. The most viewed video on YouTube from the project is the collaboration between Au\u013ci and Batzorig Vaanchig titled \u201cHunnu Guren\u201d: https:\/\/youtu.be\/vztRqe_CHC0?si=gvsZZ1_OfVzkUH32<\/p>\n","protected":false},"excerpt":{"rendered":"<p>The drum and bagpipe group \u201cAu\u013ci\u201d kicks off the second season of their project \u201cSen\u010du Balsis\u201d with a three-song mini-album titled \u201cVoices of Ghana\u201d, featuring the talented Ghanaian singer Abiana. The project aims to build a musical bridge between traditional vocal cultures from around the world and Latvian folk music. Abiana (real name Eldah Naa [&hellip;]<\/p>\n","protected":false},"author":1,"featured_media":4437,"comment_status":"open","ping_status":"open","sticky":false,"template":"","format":"standard","meta":{"_acf_changed":false,"footnotes":""},"categories":[1],"tags":[],"class_list":["post-4436","post","type-post","status-publish","format-standard","has-post-thumbnail","hentry","category-news"],"acf":[],"yoast_head":"<!-- This site is optimized with the Yoast SEO plugin v26.8 - https:\/\/yoast.com\/product\/yoast-seo-wordpress\/ -->\n<title>\u201cAu\u013ci\u201d launch second season of \u201cSen\u010du Balsu\u201d in collaboration with a singer from Ghana - ML<\/title>\n<meta name=\"robots\" content=\"index, follow, max-snippet:-1, max-image-preview:large, max-video-preview:-1\" \/>\n<link rel=\"canonical\" href=\"https:\/\/musiclatvia.lv\/en\/auli-launch-second-season-of-sencu-balsu-in-collaboration-with-a-singer-from-ghana\/\" \/>\n<meta property=\"og:locale\" content=\"en_US\" \/>\n<meta property=\"og:type\" content=\"article\" \/>\n<meta property=\"og:title\" content=\"\u201cAu\u013ci\u201d launch second season of \u201cSen\u010du Balsu\u201d in collaboration with a singer from Ghana - ML\" \/>\n<meta property=\"og:description\" content=\"The drum and bagpipe group \u201cAu\u013ci\u201d kicks off the second season of their project \u201cSen\u010du Balsis\u201d with a three-song mini-album titled \u201cVoices of Ghana\u201d, featuring the talented Ghanaian singer Abiana. The project aims to build a musical bridge between traditional vocal cultures from around the world and Latvian folk music. Abiana (real name Eldah Naa [&hellip;]\" \/>\n<meta property=\"og:url\" content=\"https:\/\/musiclatvia.lv\/en\/auli-launch-second-season-of-sencu-balsu-in-collaboration-with-a-singer-from-ghana\/\" \/>\n<meta property=\"og:site_name\" content=\"ML\" \/>\n<meta property=\"article:published_time\" content=\"2025-11-23T21:53:11+00:00\" \/>\n<meta property=\"article:modified_time\" content=\"2025-11-23T21:55:25+00:00\" \/>\n<meta property=\"og:image\" content=\"https:\/\/musiclatvia.lv\/wp-content\/uploads\/2025\/11\/Auli_2024_Maris-Locmelis-scaled-1.jpg\" \/>\n\t<meta property=\"og:image:width\" content=\"2560\" \/>\n\t<meta property=\"og:image:height\" content=\"1828\" \/>\n\t<meta property=\"og:image:type\" content=\"image\/jpeg\" \/>\n<meta name=\"author\" content=\"macha\" \/>\n<meta name=\"twitter:card\" content=\"summary_large_image\" \/>\n<meta name=\"twitter:label1\" content=\"Written by\" \/>\n\t<meta name=\"twitter:data1\" content=\"macha\" \/>\n\t<meta name=\"twitter:label2\" content=\"Est. reading time\" \/>\n\t<meta name=\"twitter:data2\" content=\"2 minutes\" \/>\n<script type=\"application\/ld+json\" class=\"yoast-schema-graph\">{\"@context\":\"https:\/\/schema.org\",\"@graph\":[{\"@type\":\"Article\",\"@id\":\"https:\/\/musiclatvia.lv\/en\/auli-launch-second-season-of-sencu-balsu-in-collaboration-with-a-singer-from-ghana\/#article\",\"isPartOf\":{\"@id\":\"https:\/\/musiclatvia.lv\/en\/auli-launch-second-season-of-sencu-balsu-in-collaboration-with-a-singer-from-ghana\/\"},\"author\":{\"name\":\"macha\",\"@id\":\"https:\/\/musiclatvia.lv\/#\/schema\/person\/4a5e9b50b0f8cdd251cde200451db008\"},\"headline\":\"\u201cAu\u013ci\u201d launch second season of \u201cSen\u010du Balsu\u201d in collaboration with a singer from Ghana\",\"datePublished\":\"2025-11-23T21:53:11+00:00\",\"dateModified\":\"2025-11-23T21:55:25+00:00\",\"mainEntityOfPage\":{\"@id\":\"https:\/\/musiclatvia.lv\/en\/auli-launch-second-season-of-sencu-balsu-in-collaboration-with-a-singer-from-ghana\/\"},\"wordCount\":374,\"commentCount\":0,\"publisher\":{\"@id\":\"https:\/\/musiclatvia.lv\/#organization\"},\"image\":{\"@id\":\"https:\/\/musiclatvia.lv\/en\/auli-launch-second-season-of-sencu-balsu-in-collaboration-with-a-singer-from-ghana\/#primaryimage\"},\"thumbnailUrl\":\"https:\/\/musiclatvia.lv\/wp-content\/uploads\/2025\/11\/Auli_2024_Maris-Locmelis-scaled-1.jpg\",\"articleSection\":[\"News\"],\"inLanguage\":\"en-US\",\"potentialAction\":[{\"@type\":\"CommentAction\",\"name\":\"Comment\",\"target\":[\"https:\/\/musiclatvia.lv\/en\/auli-launch-second-season-of-sencu-balsu-in-collaboration-with-a-singer-from-ghana\/#respond\"]}]},{\"@type\":\"WebPage\",\"@id\":\"https:\/\/musiclatvia.lv\/en\/auli-launch-second-season-of-sencu-balsu-in-collaboration-with-a-singer-from-ghana\/\",\"url\":\"https:\/\/musiclatvia.lv\/en\/auli-launch-second-season-of-sencu-balsu-in-collaboration-with-a-singer-from-ghana\/\",\"name\":\"\u201cAu\u013ci\u201d launch second season of \u201cSen\u010du Balsu\u201d in collaboration with a singer from Ghana - ML\",\"isPartOf\":{\"@id\":\"https:\/\/musiclatvia.lv\/#website\"},\"primaryImageOfPage\":{\"@id\":\"https:\/\/musiclatvia.lv\/en\/auli-launch-second-season-of-sencu-balsu-in-collaboration-with-a-singer-from-ghana\/#primaryimage\"},\"image\":{\"@id\":\"https:\/\/musiclatvia.lv\/en\/auli-launch-second-season-of-sencu-balsu-in-collaboration-with-a-singer-from-ghana\/#primaryimage\"},\"thumbnailUrl\":\"https:\/\/musiclatvia.lv\/wp-content\/uploads\/2025\/11\/Auli_2024_Maris-Locmelis-scaled-1.jpg\",\"datePublished\":\"2025-11-23T21:53:11+00:00\",\"dateModified\":\"2025-11-23T21:55:25+00:00\",\"breadcrumb\":{\"@id\":\"https:\/\/musiclatvia.lv\/en\/auli-launch-second-season-of-sencu-balsu-in-collaboration-with-a-singer-from-ghana\/#breadcrumb\"},\"inLanguage\":\"en-US\",\"potentialAction\":[{\"@type\":\"ReadAction\",\"target\":[\"https:\/\/musiclatvia.lv\/en\/auli-launch-second-season-of-sencu-balsu-in-collaboration-with-a-singer-from-ghana\/\"]}]},{\"@type\":\"ImageObject\",\"inLanguage\":\"en-US\",\"@id\":\"https:\/\/musiclatvia.lv\/en\/auli-launch-second-season-of-sencu-balsu-in-collaboration-with-a-singer-from-ghana\/#primaryimage\",\"url\":\"https:\/\/musiclatvia.lv\/wp-content\/uploads\/2025\/11\/Auli_2024_Maris-Locmelis-scaled-1.jpg\",\"contentUrl\":\"https:\/\/musiclatvia.lv\/wp-content\/uploads\/2025\/11\/Auli_2024_Maris-Locmelis-scaled-1.jpg\",\"width\":2560,\"height\":1828},{\"@type\":\"BreadcrumbList\",\"@id\":\"https:\/\/musiclatvia.lv\/en\/auli-launch-second-season-of-sencu-balsu-in-collaboration-with-a-singer-from-ghana\/#breadcrumb\",\"itemListElement\":[{\"@type\":\"ListItem\",\"position\":1,\"name\":\"Home\",\"item\":\"https:\/\/musiclatvia.lv\/en\/\"},{\"@type\":\"ListItem\",\"position\":2,\"name\":\"\u201cAu\u013ci\u201d launch second season of \u201cSen\u010du Balsu\u201d in collaboration with a singer from Ghana\"}]},{\"@type\":\"WebSite\",\"@id\":\"https:\/\/musiclatvia.lv\/#website\",\"url\":\"https:\/\/musiclatvia.lv\/\",\"name\":\"ML\",\"description\":\"ML\",\"publisher\":{\"@id\":\"https:\/\/musiclatvia.lv\/#organization\"},\"potentialAction\":[{\"@type\":\"SearchAction\",\"target\":{\"@type\":\"EntryPoint\",\"urlTemplate\":\"https:\/\/musiclatvia.lv\/?s={search_term_string}\"},\"query-input\":{\"@type\":\"PropertyValueSpecification\",\"valueRequired\":true,\"valueName\":\"search_term_string\"}}],\"inLanguage\":\"en-US\"},{\"@type\":\"Organization\",\"@id\":\"https:\/\/musiclatvia.lv\/#organization\",\"name\":\"ML\",\"url\":\"https:\/\/musiclatvia.lv\/\",\"logo\":{\"@type\":\"ImageObject\",\"inLanguage\":\"en-US\",\"@id\":\"https:\/\/musiclatvia.lv\/#\/schema\/logo\/image\/\",\"url\":\"https:\/\/musiclatvia.lv\/wp-content\/uploads\/2021\/01\/ml_logo.png\",\"contentUrl\":\"https:\/\/musiclatvia.lv\/wp-content\/uploads\/2021\/01\/ml_logo.png\",\"width\":362,\"height\":105,\"caption\":\"ML\"},\"image\":{\"@id\":\"https:\/\/musiclatvia.lv\/#\/schema\/logo\/image\/\"}},{\"@type\":\"Person\",\"@id\":\"https:\/\/musiclatvia.lv\/#\/schema\/person\/4a5e9b50b0f8cdd251cde200451db008\",\"name\":\"macha\",\"image\":{\"@type\":\"ImageObject\",\"inLanguage\":\"en-US\",\"@id\":\"https:\/\/musiclatvia.lv\/#\/schema\/person\/image\/\",\"url\":\"https:\/\/secure.gravatar.com\/avatar\/5458d4d2995940a2dd1a90b5fc62b2a94e2fa142c1644d15a8c20c6105e2d38f?s=96&d=mm&r=g\",\"contentUrl\":\"https:\/\/secure.gravatar.com\/avatar\/5458d4d2995940a2dd1a90b5fc62b2a94e2fa142c1644d15a8c20c6105e2d38f?s=96&d=mm&r=g\",\"caption\":\"macha\"},\"sameAs\":[\"https:\/\/musiclatvia.lv\"],\"url\":\"https:\/\/musiclatvia.lv\/en\/author\/macha\/\"}]}<\/script>\n<!-- \/ Yoast SEO plugin. -->","yoast_head_json":{"title":"\u201cAu\u013ci\u201d launch second season of \u201cSen\u010du Balsu\u201d in collaboration with a singer from Ghana - ML","robots":{"index":"index","follow":"follow","max-snippet":"max-snippet:-1","max-image-preview":"max-image-preview:large","max-video-preview":"max-video-preview:-1"},"canonical":"https:\/\/musiclatvia.lv\/en\/auli-launch-second-season-of-sencu-balsu-in-collaboration-with-a-singer-from-ghana\/","og_locale":"en_US","og_type":"article","og_title":"\u201cAu\u013ci\u201d launch second season of \u201cSen\u010du Balsu\u201d in collaboration with a singer from Ghana - ML","og_description":"The drum and bagpipe group \u201cAu\u013ci\u201d kicks off the second season of their project \u201cSen\u010du Balsis\u201d with a three-song mini-album titled \u201cVoices of Ghana\u201d, featuring the talented Ghanaian singer Abiana. The project aims to build a musical bridge between traditional vocal cultures from around the world and Latvian folk music. Abiana (real name Eldah Naa [&hellip;]","og_url":"https:\/\/musiclatvia.lv\/en\/auli-launch-second-season-of-sencu-balsu-in-collaboration-with-a-singer-from-ghana\/","og_site_name":"ML","article_published_time":"2025-11-23T21:53:11+00:00","article_modified_time":"2025-11-23T21:55:25+00:00","og_image":[{"width":2560,"height":1828,"url":"https:\/\/musiclatvia.lv\/wp-content\/uploads\/2025\/11\/Auli_2024_Maris-Locmelis-scaled-1.jpg","type":"image\/jpeg"}],"author":"macha","twitter_card":"summary_large_image","twitter_misc":{"Written by":"macha","Est. reading time":"2 minutes"},"schema":{"@context":"https:\/\/schema.org","@graph":[{"@type":"Article","@id":"https:\/\/musiclatvia.lv\/en\/auli-launch-second-season-of-sencu-balsu-in-collaboration-with-a-singer-from-ghana\/#article","isPartOf":{"@id":"https:\/\/musiclatvia.lv\/en\/auli-launch-second-season-of-sencu-balsu-in-collaboration-with-a-singer-from-ghana\/"},"author":{"name":"macha","@id":"https:\/\/musiclatvia.lv\/#\/schema\/person\/4a5e9b50b0f8cdd251cde200451db008"},"headline":"\u201cAu\u013ci\u201d launch second season of \u201cSen\u010du Balsu\u201d in collaboration with a singer from Ghana","datePublished":"2025-11-23T21:53:11+00:00","dateModified":"2025-11-23T21:55:25+00:00","mainEntityOfPage":{"@id":"https:\/\/musiclatvia.lv\/en\/auli-launch-second-season-of-sencu-balsu-in-collaboration-with-a-singer-from-ghana\/"},"wordCount":374,"commentCount":0,"publisher":{"@id":"https:\/\/musiclatvia.lv\/#organization"},"image":{"@id":"https:\/\/musiclatvia.lv\/en\/auli-launch-second-season-of-sencu-balsu-in-collaboration-with-a-singer-from-ghana\/#primaryimage"},"thumbnailUrl":"https:\/\/musiclatvia.lv\/wp-content\/uploads\/2025\/11\/Auli_2024_Maris-Locmelis-scaled-1.jpg","articleSection":["News"],"inLanguage":"en-US","potentialAction":[{"@type":"CommentAction","name":"Comment","target":["https:\/\/musiclatvia.lv\/en\/auli-launch-second-season-of-sencu-balsu-in-collaboration-with-a-singer-from-ghana\/#respond"]}]},{"@type":"WebPage","@id":"https:\/\/musiclatvia.lv\/en\/auli-launch-second-season-of-sencu-balsu-in-collaboration-with-a-singer-from-ghana\/","url":"https:\/\/musiclatvia.lv\/en\/auli-launch-second-season-of-sencu-balsu-in-collaboration-with-a-singer-from-ghana\/","name":"\u201cAu\u013ci\u201d launch second season of \u201cSen\u010du Balsu\u201d in collaboration with a singer from Ghana - ML","isPartOf":{"@id":"https:\/\/musiclatvia.lv\/#website"},"primaryImageOfPage":{"@id":"https:\/\/musiclatvia.lv\/en\/auli-launch-second-season-of-sencu-balsu-in-collaboration-with-a-singer-from-ghana\/#primaryimage"},"image":{"@id":"https:\/\/musiclatvia.lv\/en\/auli-launch-second-season-of-sencu-balsu-in-collaboration-with-a-singer-from-ghana\/#primaryimage"},"thumbnailUrl":"https:\/\/musiclatvia.lv\/wp-content\/uploads\/2025\/11\/Auli_2024_Maris-Locmelis-scaled-1.jpg","datePublished":"2025-11-23T21:53:11+00:00","dateModified":"2025-11-23T21:55:25+00:00","breadcrumb":{"@id":"https:\/\/musiclatvia.lv\/en\/auli-launch-second-season-of-sencu-balsu-in-collaboration-with-a-singer-from-ghana\/#breadcrumb"},"inLanguage":"en-US","potentialAction":[{"@type":"ReadAction","target":["https:\/\/musiclatvia.lv\/en\/auli-launch-second-season-of-sencu-balsu-in-collaboration-with-a-singer-from-ghana\/"]}]},{"@type":"ImageObject","inLanguage":"en-US","@id":"https:\/\/musiclatvia.lv\/en\/auli-launch-second-season-of-sencu-balsu-in-collaboration-with-a-singer-from-ghana\/#primaryimage","url":"https:\/\/musiclatvia.lv\/wp-content\/uploads\/2025\/11\/Auli_2024_Maris-Locmelis-scaled-1.jpg","contentUrl":"https:\/\/musiclatvia.lv\/wp-content\/uploads\/2025\/11\/Auli_2024_Maris-Locmelis-scaled-1.jpg","width":2560,"height":1828},{"@type":"BreadcrumbList","@id":"https:\/\/musiclatvia.lv\/en\/auli-launch-second-season-of-sencu-balsu-in-collaboration-with-a-singer-from-ghana\/#breadcrumb","itemListElement":[{"@type":"ListItem","position":1,"name":"Home","item":"https:\/\/musiclatvia.lv\/en\/"},{"@type":"ListItem","position":2,"name":"\u201cAu\u013ci\u201d launch second season of \u201cSen\u010du Balsu\u201d in collaboration with a singer from Ghana"}]},{"@type":"WebSite","@id":"https:\/\/musiclatvia.lv\/#website","url":"https:\/\/musiclatvia.lv\/","name":"ML","description":"ML","publisher":{"@id":"https:\/\/musiclatvia.lv\/#organization"},"potentialAction":[{"@type":"SearchAction","target":{"@type":"EntryPoint","urlTemplate":"https:\/\/musiclatvia.lv\/?s={search_term_string}"},"query-input":{"@type":"PropertyValueSpecification","valueRequired":true,"valueName":"search_term_string"}}],"inLanguage":"en-US"},{"@type":"Organization","@id":"https:\/\/musiclatvia.lv\/#organization","name":"ML","url":"https:\/\/musiclatvia.lv\/","logo":{"@type":"ImageObject","inLanguage":"en-US","@id":"https:\/\/musiclatvia.lv\/#\/schema\/logo\/image\/","url":"https:\/\/musiclatvia.lv\/wp-content\/uploads\/2021\/01\/ml_logo.png","contentUrl":"https:\/\/musiclatvia.lv\/wp-content\/uploads\/2021\/01\/ml_logo.png","width":362,"height":105,"caption":"ML"},"image":{"@id":"https:\/\/musiclatvia.lv\/#\/schema\/logo\/image\/"}},{"@type":"Person","@id":"https:\/\/musiclatvia.lv\/#\/schema\/person\/4a5e9b50b0f8cdd251cde200451db008","name":"macha","image":{"@type":"ImageObject","inLanguage":"en-US","@id":"https:\/\/musiclatvia.lv\/#\/schema\/person\/image\/","url":"https:\/\/secure.gravatar.com\/avatar\/5458d4d2995940a2dd1a90b5fc62b2a94e2fa142c1644d15a8c20c6105e2d38f?s=96&d=mm&r=g","contentUrl":"https:\/\/secure.gravatar.com\/avatar\/5458d4d2995940a2dd1a90b5fc62b2a94e2fa142c1644d15a8c20c6105e2d38f?s=96&d=mm&r=g","caption":"macha"},"sameAs":["https:\/\/musiclatvia.lv"],"url":"https:\/\/musiclatvia.lv\/en\/author\/macha\/"}]}},"_links":{"self":[{"href":"https:\/\/musiclatvia.lv\/en\/wp-json\/wp\/v2\/posts\/4436","targetHints":{"allow":["GET"]}}],"collection":[{"href":"https:\/\/musiclatvia.lv\/en\/wp-json\/wp\/v2\/posts"}],"about":[{"href":"https:\/\/musiclatvia.lv\/en\/wp-json\/wp\/v2\/types\/post"}],"author":[{"embeddable":true,"href":"https:\/\/musiclatvia.lv\/en\/wp-json\/wp\/v2\/users\/1"}],"replies":[{"embeddable":true,"href":"https:\/\/musiclatvia.lv\/en\/wp-json\/wp\/v2\/comments?post=4436"}],"version-history":[{"count":1,"href":"https:\/\/musiclatvia.lv\/en\/wp-json\/wp\/v2\/posts\/4436\/revisions"}],"predecessor-version":[{"id":4471,"href":"https:\/\/musiclatvia.lv\/en\/wp-json\/wp\/v2\/posts\/4436\/revisions\/4471"}],"wp:featuredmedia":[{"embeddable":true,"href":"https:\/\/musiclatvia.lv\/en\/wp-json\/wp\/v2\/media\/4437"}],"wp:attachment":[{"href":"https:\/\/musiclatvia.lv\/en\/wp-json\/wp\/v2\/media?parent=4436"}],"wp:term":[{"taxonomy":"category","embeddable":true,"href":"https:\/\/musiclatvia.lv\/en\/wp-json\/wp\/v2\/categories?post=4436"},{"taxonomy":"post_tag","embeddable":true,"href":"https:\/\/musiclatvia.lv\/en\/wp-json\/wp\/v2\/tags?post=4436"}],"curies":[{"name":"wp","href":"https:\/\/api.w.org\/{rel}","templated":true}]}}